{"id":6111,"date":"2026-03-06T11:43:54","date_gmt":"2026-03-06T10:43:54","guid":{"rendered":"https:\/\/www.mosaicfactor.com\/mobile-world-congress-2026-entrant-a-la-era-iq\/"},"modified":"2026-03-06T13:36:24","modified_gmt":"2026-03-06T12:36:24","slug":"mobile-world-congress-2026-entrant-a-la-era-iq","status":"publish","type":"post","link":"https:\/\/www.mosaicfactor.com\/ca\/mobile-world-congress-2026-entrant-a-la-era-iq\/","title":{"rendered":"Mobile World Congress 2026: Entrant a la era IQ"},"content":{"rendered":"<p>Barcelona va tornar a convertir-se en el centre de l&#8217;ecosistema m\u00f2bil i tecnol\u00f2gic global amb el retorn del Mobile World Congress (MWC) amb la seva edici\u00f3 del 2026, reunint m\u00e9s de 2.900 expositors i m\u00e9s de 1.200 ponents. El tema oficial d&#8217;aquest any, &#8220;<em>L&#8217;era IQ<\/em>&#8220;, es va centrar en la <strong>infraestructura intel\u00b7ligent, la connectivitat impulsada per la IA, la integraci\u00f3 de la IA empresarial i la innovaci\u00f3 inclusiva<\/strong>, assenyalant un canvi important en la manera com les xarxes de telecomunicacions estan evolucionant cap a la columna vertebral de l&#8217;ecosistema global de la IA.<\/p>\n<p>Representant Mosaic Factor a l&#8217;esdeveniment hi havia el cap de vendes Joan Sampablo, que va assistir en nom de Mosaic Factor per explorar els darrers desenvolupaments que configuren el futur de la connectivitat, la intel\u00b7lig\u00e8ncia artificial i la infraestructura digital.<\/p>\n<p>. <img loading=\"lazy\" decoding=\"async\" class=\"alignnone wp-image-6089\" src=\"https:\/\/www.mosaicfactor.com\/wp-content\/uploads\/2026\/03\/Joan_MWC2026-300x225.webp\" alt=\"MWC 4YFN 2026\" width=\"304\" height=\"228\" \/> \u00a0<img loading=\"lazy\" decoding=\"async\" class=\"alignnone wp-image-6095\" src=\"https:\/\/www.mosaicfactor.com\/wp-content\/uploads\/2026\/03\/MWCVenue-225x300.webp\" alt=\"MWC 2026\" width=\"170\" height=\"227\" \/> \u00a0\u00a0<img loading=\"lazy\" decoding=\"async\" class=\"alignnone wp-image-6104\" src=\"https:\/\/www.mosaicfactor.com\/wp-content\/uploads\/2026\/03\/AIinHealthcareMWC-225x300.webp\" alt=\"MWC 2026\" width=\"170\" height=\"227\" \/><\/p>\n<h2><strong><span class=\"TextRun SCXW36278859 BCX0\" lang=\"EN-US\" xml:lang=\"EN-US\" data-contrast=\"auto\"><span class=\"NormalTextRun SCXW36278859 BCX0\">Les\u00a0<\/span><span class=\"NormalTextRun SpellingErrorV2Themed SCXW36278859 BCX0\">telecomunicacions<\/span><span class=\"NormalTextRun SCXW36278859 BCX0\">\u00a0com a columna vertebral de la IA<\/span><\/span><\/strong><\/h2>\n<p>El MWC 2026 va destacar com la ind\u00fastria de les telecomunicacions est\u00e0 anant m\u00e9s enll\u00e0 de la connectivitat per convertir-se en un facilitador central de la propera generaci\u00f3 de serveis basats en IA. El lideratge de la GSMA va descriure tres pilars clau que s&#8217;espera que impulsin la propera fase del creixement digital:<\/p>\n<ul>\n<li>La finalitzaci\u00f3 dels <strong>desplegaments de xarxes aut\u00f2nomes 5G<\/strong>.<\/li>\n<li>Un acc\u00e9s m\u00e9s ampli a <strong>tecnologies d&#8217;IA obertes i inclusives<\/strong>.<\/li>\n<li>Marcs de <strong>seguretat i confian\u00e7a digital globals<\/strong> m\u00e9s forts.<\/li>\n<\/ul>\n<p>Aquestes prioritats reflecteixen un canvi m\u00e9s ampli cap a xarxes que no nom\u00e9s s\u00f3n m\u00e9s r\u00e0pides, sin\u00f3 que tamb\u00e9 s\u00f3n capaces de donar suport a la intel\u00b7lig\u00e8ncia distribu\u00efda i als serveis basats en IA.<\/p>\n<p><span data-contrast=\"auto\">.<\/span><span data-ccp-props=\"{}\">\u00a0<\/span> <img loading=\"lazy\" decoding=\"async\" class=\"alignnone size-medium wp-image-6092\" src=\"https:\/\/www.mosaicfactor.com\/wp-content\/uploads\/2026\/03\/TecnoMWC-225x300.webp\" alt=\"MWC 2026\" width=\"225\" height=\"300\" \/> <img loading=\"lazy\" decoding=\"async\" class=\"alignnone size-medium wp-image-6107\" src=\"https:\/\/www.mosaicfactor.com\/wp-content\/uploads\/2026\/03\/InvestorsZoneMWC-225x300.webp\" alt=\"MWC 2026\" width=\"225\" height=\"300\" \/> <img loading=\"lazy\" decoding=\"async\" class=\"alignnone size-medium wp-image-6086\" src=\"https:\/\/www.mosaicfactor.com\/wp-content\/uploads\/2026\/03\/ViasatMWC-225x300.webp\" alt=\"MWC 2026\" width=\"225\" height=\"300\" \/><\/p>\n<h2><strong>L&#8217;auge de la intel\u00b7lig\u00e8ncia en el dispositiu<\/strong><\/h2>\n<p>Un tema important durant tot l&#8217;esdeveniment va ser l&#8217;auge de la IA a tot arreu, en particular el canvi cap a la intel\u00b7lig\u00e8ncia en el dispositiu i nativa de la xarxa. Els fabricants de xips i els fabricants de dispositius van mostrar noves i potents arquitectures de sistema en un xip dissenyades per a la infer\u00e8ncia d&#8217;IA local, que permeten capacitats com ara:<\/p>\n<ul>\n<li>Traducci\u00f3 en temps real<\/li>\n<li>Resum en el dispositiu<\/li>\n<li>Processament avan\u00e7at de fotos<\/li>\n<li>Assistents d&#8217;IA capa\u00e7os de realitzar tasques complexes sense dependre del n\u00favol.<\/li>\n<\/ul>\n<p>Per a desenvolupadors i empreses, aquest canvi indica un nou est\u00e0ndard de disseny on les aplicacions es creen tenint en compte el processament d&#8217;IA local i la interacci\u00f3 multimodal, combinant interf\u00edcies de c\u00e0mera, veu i text per oferir experi\u00e8ncies m\u00e9s riques.<\/p>\n<h2><strong>El futur dels sistemes aut\u00f2noms<\/strong><\/h2>\n<p>Un altre tema destacat va ser l&#8217;aparici\u00f3 de sistemes d&#8217;IA agentius, on els agents d&#8217;IA aut\u00f2noms poden coordinar tasques a trav\u00e9s de xarxes, infraestructures i entorns f\u00edsics. Els prove\u00efdors de telecomunicacions i les startups van demostrar com aquests sistemes es podien aplicar a l&#8217;orquestraci\u00f3 de xarxes, les operacions automatitzades i la millora de la ciberseguretat.<\/p>\n<h3>La propera generaci\u00f3 de sistemes connectats<\/h3>\n<p><span class=\"TextRun SCXW168559873 BCX0\" lang=\"EN-US\" xml:lang=\"EN-US\" data-contrast=\"auto\"><span class=\"NormalTextRun SCXW168559873 BCX0\">Un dels conceptes m\u00e9s comentats al congr\u00e9s d&#8217;aquest any va ser el de la &#8220;computaci\u00f3 cin\u00e8tica&#8221; i els &#8220;tokens cin\u00e8tics&#8221;. Aquests representen unitats de computaci\u00f3 ultrar\u00e0pides dissenyades per sincronitzar accions del m\u00f3n real a trav\u00e9s de la rob\u00f2tica, els drons, els vehicles aut\u00f2noms i altres sistemes distribu\u00efts. Els operadors de telecomunicacions argumenten que les seves xarxes estan en una posici\u00f3 \u00fanica per oferir la coordinaci\u00f3 de nivell de mil\u00b7lisegons necess\u00e0ria per impulsar aquestes tecnologies emergents.<\/span><\/span><span class=\"EOP SCXW168559873 BCX0\" data-ccp-props=\"{}\">\u00a0<\/span><\/p>\n<h3><span class=\"TextRun SCXW159045754 BCX0\" lang=\"EN-US\" xml:lang=\"EN-US\" data-contrast=\"auto\"><span class=\"NormalTextRun SCXW159045754 BCX0\">Seguretat, confian\u00e7a digital i inclusi\u00f3 global<\/span><\/span><\/h3>\n<p>La seguretat i la inclusi\u00f3 digital global tamb\u00e9 van ocupar un lloc destacat a l&#8217;agenda de la confer\u00e8ncia. Amb els costos de la ciberdelinq\u00fc\u00e8ncia que continuen augmentant a tot el m\u00f3n, els l\u00edders de la ind\u00fastria van emfatitzar la import\u00e0ncia de:<\/p>\n<ul>\n<li>IA que preservi la privadesa<\/li>\n<li>Marcs d&#8217;identitat digital m\u00e9s forts<\/li>\n<li>Models d&#8217;IA capa\u00e7os de suportar idiomes m\u00e9s globals<\/li>\n<li>Est\u00e0ndards d&#8217;infraestructura transfronterers<\/li>\n<\/ul>\n<p>Aquestes prioritats reflecteixen el creixent reconeixement que la innovaci\u00f3 tecnol\u00f2gica ha d&#8217;anar acompanyada d&#8217;una governan\u00e7a s\u00f2lida i un acc\u00e9s digital inclusiu.<\/p>\n<h2><strong>Mosaic Factor al MWC 2026<\/strong><\/h2>\n<p>Segons en Joan, assistir al MWC proporciona informaci\u00f3 valuosa sobre com el panorama de les telecomunicacions i la tecnologia est\u00e0 evolucionant a un ritme r\u00e0pid. L&#8217;esdeveniment va destacar la creixent import\u00e0ncia de la infraestructura habilitada per IA i la computaci\u00f3 perimetral, aix\u00ed com el paper creixent que tindran les xarxes de telecomunicacions en l&#8217;habilitaci\u00f3 d&#8217;aplicacions intel\u00b7ligents i sistemes connectats.<\/p>\n<p>Per a Mosaic Factor, assistir al congr\u00e9s ofereix una oportunitat per mantenir-se estretament alineat amb les tend\u00e8ncies i innovacions emergents de la ind\u00fastria que donaran forma a la propera generaci\u00f3 de solucions digitals.<\/p>\n<p>A mesura que la ind\u00fastria s&#8217;endinsa m\u00e9s en l&#8217;anomenada Era de la Ci\u00e8ncia Intel\u00b7lig\u00e8ncia (CI), s&#8217;espera que<strong> la converg\u00e8ncia de la IA, la connectivitat avan\u00e7ada i la computaci\u00f3 distribu\u00efda redefineixi com interactuen els dispositius, les xarxes i les empreses, creant noves oportunitats d&#8217;innovaci\u00f3 en tots els sectors a tot el m\u00f3n<\/strong>.<\/p>\n","protected":false},"excerpt":{"rendered":"<p>Mobile World Congress 2026: l'&#8221;Era de la Ci\u00e8ncia Intel\u00b7lig\u00e8ncia&#8221;, connectivitat impulsada per IA, intel\u00b7lig\u00e8ncia en dispositiu i infraestructura de telecomunicacions avan\u00e7ada.<\/p>\n","protected":false},"author":2,"featured_media":6189,"comment_status":"closed","ping_status":"closed","sticky":false,"template":"","format":"standard","meta":{"_acf_changed":false,"_et_pb_use_builder":"","_et_pb_old_content":"","_et_gb_content_width":"","inline_featured_image":false,"footnotes":""},"categories":[205,217,216,189,192,212],"tags":[],"class_list":["post-6111","post","type-post","status-publish","format-standard","has-post-thumbnail","hentry","category-automocio","category-digital-twins-ca","category-events-ca","category-mobility-ca","category-models-predictius","category-trustworthy-ia-ca"],"acf":[],"yoast_head":"<!-- This site is optimized with the Yoast SEO plugin v27.4 - https:\/\/yoast.com\/product\/yoast-seo-wordpress\/ -->\n<title>Mosaic Factor | MWC 2026 entrant a la era IQ<\/title>\n<meta name=\"description\" content=\"Mosaic Factor participa al MWC 2026. Connectivitat impulsada per IA, intel\u00b7lig\u00e8ncia en dispositiu i infraestructura de telecomunicacions avan\u00e7ada.\" \/>\n<meta name=\"robots\" content=\"index, follow, max-snippet:-1, max-image-preview:large, max-video-preview:-1\" \/>\n<link rel=\"canonical\" href=\"https:\/\/www.mosaicfactor.com\/ca\/mobile-world-congress-2026-entrant-a-la-era-iq\/\" \/>\n<meta property=\"og:locale\" content=\"ca_ES\" \/>\n<meta property=\"og:type\" content=\"article\" \/>\n<meta property=\"og:title\" content=\"Mosaic Factor | MWC 2026 entrant a la era IQ\" \/>\n<meta property=\"og:description\" content=\"Mosaic Factor participa al MWC 2026. Connectivitat impulsada per IA, intel\u00b7lig\u00e8ncia en dispositiu i infraestructura de telecomunicacions avan\u00e7ada.\" \/>\n<meta property=\"og:url\" content=\"https:\/\/www.mosaicfactor.com\/ca\/mobile-world-congress-2026-entrant-a-la-era-iq\/\" \/>\n<meta property=\"og:site_name\" content=\"Mosaic Factor\" \/>\n<meta property=\"article:published_time\" content=\"2026-03-06T10:43:54+00:00\" \/>\n<meta property=\"article:modified_time\" content=\"2026-03-06T12:36:24+00:00\" \/>\n<meta property=\"og:image\" content=\"https:\/\/www.mosaicfactor.com\/wp-content\/uploads\/2026\/03\/MWConferenceDistrict.webp\" \/>\n\t<meta property=\"og:image:width\" content=\"980\" \/>\n\t<meta property=\"og:image:height\" content=\"655\" \/>\n\t<meta property=\"og:image:type\" content=\"image\/webp\" \/>\n<meta name=\"author\" content=\"mosaic-admin\" \/>\n<meta name=\"twitter:card\" content=\"summary_large_image\" \/>\n<meta name=\"twitter:creator\" content=\"@mosaicfactor\" \/>\n<meta name=\"twitter:site\" content=\"@mosaicfactor\" \/>\n<meta name=\"twitter:label1\" content=\"Escrit per\" \/>\n\t<meta name=\"twitter:data1\" content=\"mosaic-admin\" \/>\n\t<meta name=\"twitter:label2\" content=\"Temps estimat de lectura\" \/>\n\t<meta name=\"twitter:data2\" content=\"5 minuts\" \/>\n<script type=\"application\/ld+json\" class=\"yoast-schema-graph\">{\"@context\":\"https:\\\/\\\/schema.org\",\"@graph\":[{\"@type\":\"Article\",\"@id\":\"https:\\\/\\\/www.mosaicfactor.com\\\/ca\\\/mobile-world-congress-2026-entrant-a-la-era-iq\\\/#article\",\"isPartOf\":{\"@id\":\"https:\\\/\\\/www.mosaicfactor.com\\\/ca\\\/mobile-world-congress-2026-entrant-a-la-era-iq\\\/\"},\"author\":{\"name\":\"mosaic-admin\",\"@id\":\"https:\\\/\\\/www.mosaicfactor.com\\\/ca\\\/#\\\/schema\\\/person\\\/225580d60c44591f614c1b61a3d43141\"},\"headline\":\"Mobile World Congress 2026: Entrant a la era IQ\",\"datePublished\":\"2026-03-06T10:43:54+00:00\",\"dateModified\":\"2026-03-06T12:36:24+00:00\",\"mainEntityOfPage\":{\"@id\":\"https:\\\/\\\/www.mosaicfactor.com\\\/ca\\\/mobile-world-congress-2026-entrant-a-la-era-iq\\\/\"},\"wordCount\":885,\"publisher\":{\"@id\":\"https:\\\/\\\/www.mosaicfactor.com\\\/ca\\\/#organization\"},\"image\":{\"@id\":\"https:\\\/\\\/www.mosaicfactor.com\\\/ca\\\/mobile-world-congress-2026-entrant-a-la-era-iq\\\/#primaryimage\"},\"thumbnailUrl\":\"https:\\\/\\\/www.mosaicfactor.com\\\/wp-content\\\/uploads\\\/2026\\\/03\\\/MWConferenceDistrict-1.webp\",\"articleSection\":[\"Automoci\u00f3\",\"Digital Twins\",\"Events\",\"Mobility\",\"Models predictius\",\"Trustworthy IA\"],\"inLanguage\":\"ca\"},{\"@type\":\"WebPage\",\"@id\":\"https:\\\/\\\/www.mosaicfactor.com\\\/ca\\\/mobile-world-congress-2026-entrant-a-la-era-iq\\\/\",\"url\":\"https:\\\/\\\/www.mosaicfactor.com\\\/ca\\\/mobile-world-congress-2026-entrant-a-la-era-iq\\\/\",\"name\":\"Mosaic Factor | MWC 2026 entrant a la era IQ\",\"isPartOf\":{\"@id\":\"https:\\\/\\\/www.mosaicfactor.com\\\/ca\\\/#website\"},\"primaryImageOfPage\":{\"@id\":\"https:\\\/\\\/www.mosaicfactor.com\\\/ca\\\/mobile-world-congress-2026-entrant-a-la-era-iq\\\/#primaryimage\"},\"image\":{\"@id\":\"https:\\\/\\\/www.mosaicfactor.com\\\/ca\\\/mobile-world-congress-2026-entrant-a-la-era-iq\\\/#primaryimage\"},\"thumbnailUrl\":\"https:\\\/\\\/www.mosaicfactor.com\\\/wp-content\\\/uploads\\\/2026\\\/03\\\/MWConferenceDistrict-1.webp\",\"datePublished\":\"2026-03-06T10:43:54+00:00\",\"dateModified\":\"2026-03-06T12:36:24+00:00\",\"description\":\"Mosaic Factor participa al MWC 2026. Connectivitat impulsada per IA, intel\u00b7lig\u00e8ncia en dispositiu i infraestructura de telecomunicacions avan\u00e7ada.\",\"breadcrumb\":{\"@id\":\"https:\\\/\\\/www.mosaicfactor.com\\\/ca\\\/mobile-world-congress-2026-entrant-a-la-era-iq\\\/#breadcrumb\"},\"inLanguage\":\"ca\",\"potentialAction\":[{\"@type\":\"ReadAction\",\"target\":[\"https:\\\/\\\/www.mosaicfactor.com\\\/ca\\\/mobile-world-congress-2026-entrant-a-la-era-iq\\\/\"]}]},{\"@type\":\"ImageObject\",\"inLanguage\":\"ca\",\"@id\":\"https:\\\/\\\/www.mosaicfactor.com\\\/ca\\\/mobile-world-congress-2026-entrant-a-la-era-iq\\\/#primaryimage\",\"url\":\"https:\\\/\\\/www.mosaicfactor.com\\\/wp-content\\\/uploads\\\/2026\\\/03\\\/MWConferenceDistrict-1.webp\",\"contentUrl\":\"https:\\\/\\\/www.mosaicfactor.com\\\/wp-content\\\/uploads\\\/2026\\\/03\\\/MWConferenceDistrict-1.webp\",\"width\":636,\"height\":385,\"caption\":\"MWC 2026\"},{\"@type\":\"BreadcrumbList\",\"@id\":\"https:\\\/\\\/www.mosaicfactor.com\\\/ca\\\/mobile-world-congress-2026-entrant-a-la-era-iq\\\/#breadcrumb\",\"itemListElement\":[{\"@type\":\"ListItem\",\"position\":1,\"name\":\"Portada\",\"item\":\"https:\\\/\\\/www.mosaicfactor.com\\\/ca\\\/\"},{\"@type\":\"ListItem\",\"position\":2,\"name\":\"Mobile World Congress 2026: Entrant a la era IQ\"}]},{\"@type\":\"WebSite\",\"@id\":\"https:\\\/\\\/www.mosaicfactor.com\\\/ca\\\/#website\",\"url\":\"https:\\\/\\\/www.mosaicfactor.com\\\/ca\\\/\",\"name\":\"Mosaic Factor\",\"description\":\"Solving problems with big data\",\"publisher\":{\"@id\":\"https:\\\/\\\/www.mosaicfactor.com\\\/ca\\\/#organization\"},\"potentialAction\":[{\"@type\":\"SearchAction\",\"target\":{\"@type\":\"EntryPoint\",\"urlTemplate\":\"https:\\\/\\\/www.mosaicfactor.com\\\/ca\\\/?s={search_term_string}\"},\"query-input\":{\"@type\":\"PropertyValueSpecification\",\"valueRequired\":true,\"valueName\":\"search_term_string\"}}],\"inLanguage\":\"ca\"},{\"@type\":\"Organization\",\"@id\":\"https:\\\/\\\/www.mosaicfactor.com\\\/ca\\\/#organization\",\"name\":\"Mosaic Factor SL\",\"url\":\"https:\\\/\\\/www.mosaicfactor.com\\\/ca\\\/\",\"logo\":{\"@type\":\"ImageObject\",\"inLanguage\":\"ca\",\"@id\":\"https:\\\/\\\/www.mosaicfactor.com\\\/ca\\\/#\\\/schema\\\/logo\\\/image\\\/\",\"url\":\"https:\\\/\\\/www.mosaicfactor.com\\\/wp-content\\\/uploads\\\/2024\\\/10\\\/logo-header-color-mosaic.webp\",\"contentUrl\":\"https:\\\/\\\/www.mosaicfactor.com\\\/wp-content\\\/uploads\\\/2024\\\/10\\\/logo-header-color-mosaic.webp\",\"width\":475,\"height\":114,\"caption\":\"Mosaic Factor SL\"},\"image\":{\"@id\":\"https:\\\/\\\/www.mosaicfactor.com\\\/ca\\\/#\\\/schema\\\/logo\\\/image\\\/\"},\"sameAs\":[\"https:\\\/\\\/x.com\\\/mosaicfactor\"]},{\"@type\":\"Person\",\"@id\":\"https:\\\/\\\/www.mosaicfactor.com\\\/ca\\\/#\\\/schema\\\/person\\\/225580d60c44591f614c1b61a3d43141\",\"name\":\"mosaic-admin\",\"image\":{\"@type\":\"ImageObject\",\"inLanguage\":\"ca\",\"@id\":\"https:\\\/\\\/secure.gravatar.com\\\/avatar\\\/516f6e8b28dcf222693607dcecbb4c3ba05a6e5e5da7f758ff574359835adf2e?s=96&d=mm&r=g\",\"url\":\"https:\\\/\\\/secure.gravatar.com\\\/avatar\\\/516f6e8b28dcf222693607dcecbb4c3ba05a6e5e5da7f758ff574359835adf2e?s=96&d=mm&r=g\",\"contentUrl\":\"https:\\\/\\\/secure.gravatar.com\\\/avatar\\\/516f6e8b28dcf222693607dcecbb4c3ba05a6e5e5da7f758ff574359835adf2e?s=96&d=mm&r=g\",\"caption\":\"mosaic-admin\"},\"url\":\"https:\\\/\\\/www.mosaicfactor.com\\\/ca\\\/author\\\/mosaic-admin\\\/\"}]}<\/script>\n<!-- \/ Yoast SEO plugin. -->","yoast_head_json":{"title":"Mosaic Factor | MWC 2026 entrant a la era IQ","description":"Mosaic Factor participa al MWC 2026. Connectivitat impulsada per IA, intel\u00b7lig\u00e8ncia en dispositiu i infraestructura de telecomunicacions avan\u00e7ada.","robots":{"index":"index","follow":"follow","max-snippet":"max-snippet:-1","max-image-preview":"max-image-preview:large","max-video-preview":"max-video-preview:-1"},"canonical":"https:\/\/www.mosaicfactor.com\/ca\/mobile-world-congress-2026-entrant-a-la-era-iq\/","og_locale":"ca_ES","og_type":"article","og_title":"Mosaic Factor | MWC 2026 entrant a la era IQ","og_description":"Mosaic Factor participa al MWC 2026. Connectivitat impulsada per IA, intel\u00b7lig\u00e8ncia en dispositiu i infraestructura de telecomunicacions avan\u00e7ada.","og_url":"https:\/\/www.mosaicfactor.com\/ca\/mobile-world-congress-2026-entrant-a-la-era-iq\/","og_site_name":"Mosaic Factor","article_published_time":"2026-03-06T10:43:54+00:00","article_modified_time":"2026-03-06T12:36:24+00:00","og_image":[{"width":980,"height":655,"url":"https:\/\/www.mosaicfactor.com\/wp-content\/uploads\/2026\/03\/MWConferenceDistrict.webp","type":"image\/webp"}],"author":"mosaic-admin","twitter_card":"summary_large_image","twitter_creator":"@mosaicfactor","twitter_site":"@mosaicfactor","twitter_misc":{"Escrit per":"mosaic-admin","Temps estimat de lectura":"5 minuts"},"schema":{"@context":"https:\/\/schema.org","@graph":[{"@type":"Article","@id":"https:\/\/www.mosaicfactor.com\/ca\/mobile-world-congress-2026-entrant-a-la-era-iq\/#article","isPartOf":{"@id":"https:\/\/www.mosaicfactor.com\/ca\/mobile-world-congress-2026-entrant-a-la-era-iq\/"},"author":{"name":"mosaic-admin","@id":"https:\/\/www.mosaicfactor.com\/ca\/#\/schema\/person\/225580d60c44591f614c1b61a3d43141"},"headline":"Mobile World Congress 2026: Entrant a la era IQ","datePublished":"2026-03-06T10:43:54+00:00","dateModified":"2026-03-06T12:36:24+00:00","mainEntityOfPage":{"@id":"https:\/\/www.mosaicfactor.com\/ca\/mobile-world-congress-2026-entrant-a-la-era-iq\/"},"wordCount":885,"publisher":{"@id":"https:\/\/www.mosaicfactor.com\/ca\/#organization"},"image":{"@id":"https:\/\/www.mosaicfactor.com\/ca\/mobile-world-congress-2026-entrant-a-la-era-iq\/#primaryimage"},"thumbnailUrl":"https:\/\/www.mosaicfactor.com\/wp-content\/uploads\/2026\/03\/MWConferenceDistrict-1.webp","articleSection":["Automoci\u00f3","Digital Twins","Events","Mobility","Models predictius","Trustworthy IA"],"inLanguage":"ca"},{"@type":"WebPage","@id":"https:\/\/www.mosaicfactor.com\/ca\/mobile-world-congress-2026-entrant-a-la-era-iq\/","url":"https:\/\/www.mosaicfactor.com\/ca\/mobile-world-congress-2026-entrant-a-la-era-iq\/","name":"Mosaic Factor | MWC 2026 entrant a la era IQ","isPartOf":{"@id":"https:\/\/www.mosaicfactor.com\/ca\/#website"},"primaryImageOfPage":{"@id":"https:\/\/www.mosaicfactor.com\/ca\/mobile-world-congress-2026-entrant-a-la-era-iq\/#primaryimage"},"image":{"@id":"https:\/\/www.mosaicfactor.com\/ca\/mobile-world-congress-2026-entrant-a-la-era-iq\/#primaryimage"},"thumbnailUrl":"https:\/\/www.mosaicfactor.com\/wp-content\/uploads\/2026\/03\/MWConferenceDistrict-1.webp","datePublished":"2026-03-06T10:43:54+00:00","dateModified":"2026-03-06T12:36:24+00:00","description":"Mosaic Factor participa al MWC 2026. Connectivitat impulsada per IA, intel\u00b7lig\u00e8ncia en dispositiu i infraestructura de telecomunicacions avan\u00e7ada.","breadcrumb":{"@id":"https:\/\/www.mosaicfactor.com\/ca\/mobile-world-congress-2026-entrant-a-la-era-iq\/#breadcrumb"},"inLanguage":"ca","potentialAction":[{"@type":"ReadAction","target":["https:\/\/www.mosaicfactor.com\/ca\/mobile-world-congress-2026-entrant-a-la-era-iq\/"]}]},{"@type":"ImageObject","inLanguage":"ca","@id":"https:\/\/www.mosaicfactor.com\/ca\/mobile-world-congress-2026-entrant-a-la-era-iq\/#primaryimage","url":"https:\/\/www.mosaicfactor.com\/wp-content\/uploads\/2026\/03\/MWConferenceDistrict-1.webp","contentUrl":"https:\/\/www.mosaicfactor.com\/wp-content\/uploads\/2026\/03\/MWConferenceDistrict-1.webp","width":636,"height":385,"caption":"MWC 2026"},{"@type":"BreadcrumbList","@id":"https:\/\/www.mosaicfactor.com\/ca\/mobile-world-congress-2026-entrant-a-la-era-iq\/#breadcrumb","itemListElement":[{"@type":"ListItem","position":1,"name":"Portada","item":"https:\/\/www.mosaicfactor.com\/ca\/"},{"@type":"ListItem","position":2,"name":"Mobile World Congress 2026: Entrant a la era IQ"}]},{"@type":"WebSite","@id":"https:\/\/www.mosaicfactor.com\/ca\/#website","url":"https:\/\/www.mosaicfactor.com\/ca\/","name":"Mosaic Factor","description":"Solving problems with big data","publisher":{"@id":"https:\/\/www.mosaicfactor.com\/ca\/#organization"},"potentialAction":[{"@type":"SearchAction","target":{"@type":"EntryPoint","urlTemplate":"https:\/\/www.mosaicfactor.com\/ca\/?s={search_term_string}"},"query-input":{"@type":"PropertyValueSpecification","valueRequired":true,"valueName":"search_term_string"}}],"inLanguage":"ca"},{"@type":"Organization","@id":"https:\/\/www.mosaicfactor.com\/ca\/#organization","name":"Mosaic Factor SL","url":"https:\/\/www.mosaicfactor.com\/ca\/","logo":{"@type":"ImageObject","inLanguage":"ca","@id":"https:\/\/www.mosaicfactor.com\/ca\/#\/schema\/logo\/image\/","url":"https:\/\/www.mosaicfactor.com\/wp-content\/uploads\/2024\/10\/logo-header-color-mosaic.webp","contentUrl":"https:\/\/www.mosaicfactor.com\/wp-content\/uploads\/2024\/10\/logo-header-color-mosaic.webp","width":475,"height":114,"caption":"Mosaic Factor SL"},"image":{"@id":"https:\/\/www.mosaicfactor.com\/ca\/#\/schema\/logo\/image\/"},"sameAs":["https:\/\/x.com\/mosaicfactor"]},{"@type":"Person","@id":"https:\/\/www.mosaicfactor.com\/ca\/#\/schema\/person\/225580d60c44591f614c1b61a3d43141","name":"mosaic-admin","image":{"@type":"ImageObject","inLanguage":"ca","@id":"https:\/\/secure.gravatar.com\/avatar\/516f6e8b28dcf222693607dcecbb4c3ba05a6e5e5da7f758ff574359835adf2e?s=96&d=mm&r=g","url":"https:\/\/secure.gravatar.com\/avatar\/516f6e8b28dcf222693607dcecbb4c3ba05a6e5e5da7f758ff574359835adf2e?s=96&d=mm&r=g","contentUrl":"https:\/\/secure.gravatar.com\/avatar\/516f6e8b28dcf222693607dcecbb4c3ba05a6e5e5da7f758ff574359835adf2e?s=96&d=mm&r=g","caption":"mosaic-admin"},"url":"https:\/\/www.mosaicfactor.com\/ca\/author\/mosaic-admin\/"}]}},"_links":{"self":[{"href":"https:\/\/www.mosaicfactor.com\/ca\/wp-json\/wp\/v2\/posts\/6111","targetHints":{"allow":["GET"]}}],"collection":[{"href":"https:\/\/www.mosaicfactor.com\/ca\/wp-json\/wp\/v2\/posts"}],"about":[{"href":"https:\/\/www.mosaicfactor.com\/ca\/wp-json\/wp\/v2\/types\/post"}],"author":[{"embeddable":true,"href":"https:\/\/www.mosaicfactor.com\/ca\/wp-json\/wp\/v2\/users\/2"}],"replies":[{"embeddable":true,"href":"https:\/\/www.mosaicfactor.com\/ca\/wp-json\/wp\/v2\/comments?post=6111"}],"version-history":[{"count":1,"href":"https:\/\/www.mosaicfactor.com\/ca\/wp-json\/wp\/v2\/posts\/6111\/revisions"}],"predecessor-version":[{"id":6114,"href":"https:\/\/www.mosaicfactor.com\/ca\/wp-json\/wp\/v2\/posts\/6111\/revisions\/6114"}],"wp:featuredmedia":[{"embeddable":true,"href":"https:\/\/www.mosaicfactor.com\/ca\/wp-json\/wp\/v2\/media\/6189"}],"wp:attachment":[{"href":"https:\/\/www.mosaicfactor.com\/ca\/wp-json\/wp\/v2\/media?parent=6111"}],"wp:term":[{"taxonomy":"category","embeddable":true,"href":"https:\/\/www.mosaicfactor.com\/ca\/wp-json\/wp\/v2\/categories?post=6111"},{"taxonomy":"post_tag","embeddable":true,"href":"https:\/\/www.mosaicfactor.com\/ca\/wp-json\/wp\/v2\/tags?post=6111"}],"curies":[{"name":"wp","href":"https:\/\/api.w.org\/{rel}","templated":true}]}}