{"id":4516,"date":"2025-03-14T11:12:08","date_gmt":"2025-03-14T10:12:08","guid":{"rendered":"https:\/\/www.mosaicfactor.com\/nuestros-take-aways-de-la-semana-del-mobile-world-congress-2025\/"},"modified":"2025-03-14T12:07:40","modified_gmt":"2025-03-14T11:07:40","slug":"nuestros-take-aways-de-la-semana-del-mobile-world-congress-2025","status":"publish","type":"post","link":"https:\/\/www.mosaicfactor.com\/es\/nuestros-take-aways-de-la-semana-del-mobile-world-congress-2025\/","title":{"rendered":"Nuestros take-aways de la semana del Mobile World Congress 2025"},"content":{"rendered":"<p>El equipo de Mosaic Factor particip\u00f3 en diferentes actos del MWC 2025 as\u00ed como eventos paralelos relacionados con la tecnolog\u00eda, los datos abiertos y la igualdad de g\u00e9nero en estos \u00e1mbitos.<\/p>\n<p>Durante nuestra presencia en el Mobile World Congress (MWC), tuvimos la oportunidad de sumergirnos en tecnolog\u00edas de vanguardia, establecer conexiones clave y explorar tendencias transformadoras.<\/p>\n<p><img loading=\"lazy\" decoding=\"async\" class=\"alignnone wp-image-4484\" src=\"https:\/\/www.mosaicfactor.com\/wp-content\/uploads\/2025\/03\/MWC-ConnectedAutomotiveCars-Elena-300x137.webp\" alt=\"Elena from Mosaic Factor with a drone during MWC 2025\" width=\"420\" height=\"205\" \/><\/p>\n<p>La cantidad de keynotes, expositores y empresas era abrumadora. Si quer\u00e9is tener una visi\u00f3n global de lo que pas\u00f3 durante el congreso, pod\u00e9is revisar <a href=\"https:\/\/pages.mckinsey.com\/rs\/473-ZYE-522\/images\/2025%20MWC%20McKinsey%20Highlights.pdf\" target=\"_blank\" rel=\"noopener\">McKinsey&#8217;s global key take-aways from MWC2025<\/a>.<\/p>\n<p>A continuaci\u00f3n, destacamos algunos de los momentos m\u00e1s relevantes de nuestra participaci\u00f3n.<\/p>\n<h2><strong>Conferencias<\/strong><\/h2>\n<p><img loading=\"lazy\" decoding=\"async\" class=\"alignnone wp-image-4492\" src=\"https:\/\/www.mosaicfactor.com\/wp-content\/uploads\/2025\/03\/MWC-Conferences-300x169.webp\" alt=\"Conferences 4YFN during MWC 2025\" width=\"418\" height=\"232\" \/><\/p>\n<p>Estuvimos en diversas conferencias sobre GenAI en el 4YFN con magn\u00edficas charlas como \u00ab<strong>Prompting Business Models to Life<\/strong>\u00bb moderada por Oisin Lunny con los ponentes Miguel A. de Kfund, Pilar Manch\u00f3n de Google y Shahid Azim sobre c\u00f3mo la IA Generativa reescribe los modelos de negocio.<\/p>\n<p>Relacionado con el tema, tambi\u00e9n participamos en \u201c<strong>Do AI Agents speak business?<\/strong>\u201d y \u201c<strong>The convergence of AI, GenAI and open RAN<\/strong>\u201d.<\/p>\n<p>Finalmente, asistimos a una conferencia sobre c\u00f3mo la colaboraci\u00f3n facilita la cultura de la innovaci\u00f3n, as\u00ed como charlas sobre c\u00f3mo promulgar la equidad en la era digital.<\/p>\n<h2><strong>New Tech<\/strong><\/h2>\n<p>Descubre las \u00faltimas tendencias tecnol\u00f3gicas que nos cautivaron en el evento.<\/p>\n<h3>1. AI Agents<\/h3>\n<p>En el Mobile World Congress (MWC) 2025, una de las tendencias m\u00e1s destacadas fue la de los\u00a0<strong>agentes de inteligencia artificial (IA)<\/strong>. Estos agentes no solo responden a consultas, sino que tambi\u00e9n pueden adaptarse y personalizar sus respuestas seg\u00fan el historial, las preferencias y el tono emocional del usuario.<\/p>\n<p>Esta capacidad de personalizaci\u00f3n y adaptaci\u00f3n se conoce como\u00a0<strong>Ingenier\u00eda de Personalidad<\/strong>.<\/p>\n<p>Adem\u00e1s, se destac\u00f3 la integraci\u00f3n de estos agentes en dispositivos m\u00f3viles, como el Samsung Galaxy S25, que puede procesar \u00f3rdenes de voz y realizar acciones entre diferentes aplicaciones sin intervenci\u00f3n humana.<\/p>\n<p>Esta tendencia promete reducir la necesidad de interacci\u00f3n directa con los dispositivos, <strong>automatizando tareas basadas en las preferencias del usuario<\/strong>.<\/p>\n<h3>2. AI-driven semiconductors<\/h3>\n<p>Los semiconductores impulsados por IA tambi\u00e9n fueron un tema central.<\/p>\n<p><strong>Intel<\/strong> present\u00f3 su nuevo Xeon 61, un<strong> sistema en chip (SoC) con integraci\u00f3n de IA que mejora significativamente la capacidad de la red de acceso radio (RAN) y la eficiencia energ\u00e9tica<\/strong>. Este chip ofrece hasta 2.4 veces m\u00e1s capacidad RAN y un 70% mejor rendimiento por vatio en comparaci\u00f3n con generaciones anteriores. La aceleraci\u00f3n de IA integrada permite un rendimiento RAN de IA hasta 3.2 veces superior.<\/p>\n<p><strong>AMD<\/strong> destac\u00f3 los avances en tecnolog\u00edas de <strong>semiconductores de alto rendimiento impulsadas por IA<\/strong>, especialmente en el edge computing. Estas tecnolog\u00edas permiten procesar datos m\u00e1s cerca de donde se generan, mejorando la velocidad y eficiencia de las aplicaciones en tiempo real.<\/p>\n<p>Se present\u00f3 una <strong>plataforma impulsada por IA para redefinir las operaciones de telecomunicaciones<\/strong>, optimizando el rendimiento de la red en tiempo real3. Esta plataforma busca integrar la IA directamente en la infraestructura de red, como radios, routers y nodos de computaci\u00f3n en el borde, para mejorar la eficiencia y reducir costos.<\/p>\n<p>Estas innovaciones est\u00e1n dise\u00f1adas para mejorar la conectividad y el rendimiento de las redes, haciendo que la IA sea m\u00e1s viable a gran escala.<\/p>\n<h3>3. Smart Factory y la revoluci\u00f3n industrial inteligente<\/h3>\n<p>Se puso un enfoque especial en los sistemas de <a href=\"https:\/\/www.mosaicfactor.com\/es\/industry\/manufacturing\/\">f\u00e1bricas inteligentes, integrando se\u00f1ales, conectividad e inteligencia artificial (IA) para optimizar procesos y aumentar la eficiencia<\/a>. Este avance subraya la importancia de la innovaci\u00f3n tecnol\u00f3gica en la transformaci\u00f3n de la industria.\u00a0<img loading=\"lazy\" decoding=\"async\" class=\"alignnone wp-image-4494\" src=\"https:\/\/www.mosaicfactor.com\/wp-content\/uploads\/2025\/03\/MWC-intelligentsystem-300x150.webp\" alt=\"Intelligent systems during MWC 2025\" width=\"429\" height=\"225\" \/><\/p>\n<h2><strong>Conexiones destacadas<\/strong><\/h2>\n<h3>1. Digital Twins y sostenibilidad con Fujitsu<\/h3>\n<p>Descubrimos el innovador uso de <strong>gemelos digitales<\/strong> de <a href=\"https:\/\/www.fujitsu.com\/global\/about\/resources\/news\/press-releases\/2024\/0326-01.html\" target=\"_blank\" rel=\"noopener\">Fujitsu&#8217;s<\/a>, basados en <strong>datos recolectados por drones marinos<\/strong>. Este proyecto permite mapear y analizar el fondo marino a lo largo de la costa de Jap\u00f3n, proporcionando informaci\u00f3n sobre emisiones de carbono, biodiversidad y predicciones ambientales. Adem\u00e1s, Fujitsu nos present\u00f3 un <strong>Chat AI Agent<\/strong> dise\u00f1ado <strong>para el sector automotriz<\/strong>, junto con un caso de uso enfocado en la autonom\u00eda y capacidad de las bater\u00edas de veh\u00edculos el\u00e9ctricos.<\/p>\n<p><img loading=\"lazy\" decoding=\"async\" class=\"alignnone wp-image-4496\" src=\"https:\/\/www.mosaicfactor.com\/wp-content\/uploads\/2025\/03\/Fujitsu-MWC-300x161.webp\" alt=\"Fujitsu stand on AI assisted digital twin for sustainability at MWC 2025\" width=\"411\" height=\"202\" \/><\/p>\n<h3>2. Dise\u00f1o, movilidad y rob\u00f3tica: Pininfarina y Ducati<\/h3>\n<p>Tuvimos el placer de colaborar con los equipos de <a href=\"https:\/\/pininfarina.it\/\" target=\"_blank\" rel=\"noopener\">Pininfarina<\/a> y <a href=\"https:\/\/www.ducati.com\/it\/it\/azienda\/innovation\" target=\"_blank\" rel=\"noopener\">Ducati<\/a>, referentes en dise\u00f1o y movilidad, para explorar sinergias tecnol\u00f3gicas y creativas, ya que ahora est\u00e1n entrando en nuevas tecnolog\u00edas como rob\u00f3tica.<\/p>\n<p><img loading=\"lazy\" decoding=\"async\" class=\"alignnone wp-image-4500\" src=\"https:\/\/www.mosaicfactor.com\/wp-content\/uploads\/2025\/03\/MWC-Ducati-AI-systems-300x156.webp\" alt=\"Ducati AI systems displayed at MWC 2025\" width=\"410\" height=\"211\" \/><\/p>\n<h3>3. Soluciones de carga para veh\u00edculos el\u00e9ctricos con Zunder<\/h3>\n<p>Exploramos las iniciativas de\u00a0<a href=\"https:\/\/www.zunder.com\" target=\"_blank\" rel=\"noopener\"><span class=\" \" data-bm=\"880\">Zunder<\/span><\/a><span class=\"\" data-bm=\"881\">,<\/span> un l\u00edder destacado en la recarga de veh\u00edculos el\u00e9ctricos, que contin\u00faa marcando el camino hacia una movilidad m\u00e1s sostenible<span class=\"\" data-bm=\"915\">.<\/span><\/p>\n<h2><strong>Eventos paralelos durante el MWC<\/strong><\/h2>\n<p>En paralelo, tambi\u00e9n participamos en el Barcelona Woman Acceleration Week y el Barcelona Open Data Initiative. <img loading=\"lazy\" decoding=\"async\" class=\"alignnone size-medium wp-image-4470\" src=\"https:\/\/www.mosaicfactor.com\/wp-content\/uploads\/2025\/03\/BWOW-MosaicFactor-300x153.jpeg\" alt=\"Barcelona Women Acceleration Week highlights\" width=\"300\" height=\"153\" \/><\/p>\n<p><strong>Barcelona Woman Acceleration Week<\/strong><\/p>\n<p>En el BWOW 2025 destacamos el discurso de Mar\u00eda Gonz\u00e1lez Veracruz, Secretaria de Estado de Digitalizaci\u00f3n de Espa\u00f1a y AI, haciendo hincapi\u00e9 en la persistente brecha de igualdad de g\u00e9nero en todas las industrias, particularmente en Tech: \u00abDebemos trabajar para crear una nueva era de emprendimiento inclusivo\u00bb. Muchas mujeres no solo est\u00e1n calificadas, sino que a menudo est\u00e1n sobrecalificadas, sin embargo, esto no siempre conduce a oportunidades en roles de liderazgo.<\/p>\n<p><strong>Open Data day<\/strong><\/p>\n<p>Asimismo, tuvimos el honor de participar en el <a href=\"https:\/\/iniciativabarcelonaopendata.cat\/es\/2025\/03\/cronica-open-data-day-2025-tecnologia-de-datos-abiertos-por-los-derechos-de-las-mujeres\/\" target=\"_blank\" rel=\"noopener\">OpenDataDay2025<\/a>, una celebraci\u00f3n global del OpenData, con una sesi\u00f3n titulada \u00ab<strong>Mujeres liderando datos abiertos para la igualdad<\/strong>\u00ab.<\/p>\n<p>Organizada por Iniciativa Barcelona Open Data, esta sesi\u00f3n puso de relieve el papel fundamental que juegan los datos abiertos a la hora de abordar los retos relacionados con la igualdad. Ponentes de alto perfil -mujeres a la vanguardia de las tecnolog\u00edas de datos y los datos abiertos- compartieron sus conocimientos, experiencias y mejores pr\u00e1cticas en la publicaci\u00f3n y reutilizaci\u00f3n de datos abiertos. Este evento es parte del <a href=\"https:\/\/opendataday.org\/es_es\/\" target=\"_blank\" rel=\"noopener\">Open Data Day<\/a>, una celebraci\u00f3n anual mundial que ha estado fomentando la adopci\u00f3n de datos abiertos en todos los pa\u00edses y culturas durante los \u00faltimos 12 a\u00f1os. Impulsada por la Open Knowledge Foundation y su red, la iniciativa subraya la importancia de aprovechar los datos abiertos para impulsar la innovaci\u00f3n y promover la igualdad a nivel mundial.<\/p>\n","protected":false},"excerpt":{"rendered":"<p>Mosaic Factor particip\u00f3 en el MWC 2025 y en eventos paralelos. Nuestro equipo se sumergi\u00f3 en tecnolog\u00edas de vanguardia, estableci\u00f3 conexiones clave y explor\u00f3 las tendencias de la IA, adem\u00e1s de participar activamente en las discusiones sobre igualdad.<\/p>\n","protected":false},"author":2,"featured_media":4515,"comment_status":"closed","ping_status":"closed","sticky":false,"template":"","format":"standard","meta":{"_acf_changed":false,"_et_pb_use_builder":"","_et_pb_old_content":"","_et_gb_content_width":"","inline_featured_image":false,"footnotes":""},"categories":[108,135,175,113,107],"tags":[],"class_list":["post-4516","post","type-post","status-publish","format-standard","has-post-thumbnail","hentry","category-automocion","category-events-es","category-gemelos-digitales","category-mobility-es","category-predictive-models-es"],"acf":[],"yoast_head":"<!-- This site is optimized with the Yoast SEO plugin v27.5 - https:\/\/yoast.com\/product\/yoast-seo-wordpress\/ -->\n<title>Mosaic Factor | Nuestros take-aways del MWC 2025<\/title>\n<meta name=\"description\" content=\"Mosaic Factor particip\u00f3 en el MWC 2025, sumergi\u00e9ndonos en tecnolog\u00edas de vanguardia, establendo conexiones clave y explorando tendencias en IA.\" \/>\n<meta name=\"robots\" content=\"index, follow, max-snippet:-1, max-image-preview:large, max-video-preview:-1\" \/>\n<link rel=\"canonical\" href=\"https:\/\/www.mosaicfactor.com\/es\/nuestros-take-aways-de-la-semana-del-mobile-world-congress-2025\/\" \/>\n<meta property=\"og:locale\" content=\"es_ES\" \/>\n<meta property=\"og:type\" content=\"article\" \/>\n<meta property=\"og:title\" content=\"Mosaic Factor | Nuestros take-aways del MWC 2025\" \/>\n<meta property=\"og:description\" content=\"Mosaic Factor particip\u00f3 en el MWC 2025, sumergi\u00e9ndonos en tecnolog\u00edas de vanguardia, establendo conexiones clave y explorando tendencias en IA.\" \/>\n<meta property=\"og:url\" content=\"https:\/\/www.mosaicfactor.com\/es\/nuestros-take-aways-de-la-semana-del-mobile-world-congress-2025\/\" \/>\n<meta property=\"og:site_name\" content=\"Mosaic Factor\" \/>\n<meta property=\"article:published_time\" content=\"2025-03-14T10:12:08+00:00\" \/>\n<meta property=\"article:modified_time\" content=\"2025-03-14T11:07:40+00:00\" \/>\n<meta property=\"og:image\" content=\"https:\/\/www.mosaicfactor.com\/wp-content\/uploads\/2025\/03\/MWC-nicePIC-1.webp\" \/>\n\t<meta property=\"og:image:width\" content=\"980\" \/>\n\t<meta property=\"og:image:height\" content=\"555\" \/>\n\t<meta property=\"og:image:type\" content=\"image\/webp\" \/>\n<meta name=\"author\" content=\"mosaic-admin\" \/>\n<meta name=\"twitter:card\" content=\"summary_large_image\" \/>\n<meta name=\"twitter:creator\" content=\"@mosaicfactor\" \/>\n<meta name=\"twitter:site\" content=\"@mosaicfactor\" \/>\n<meta name=\"twitter:label1\" content=\"Escrito por\" \/>\n\t<meta name=\"twitter:data1\" content=\"mosaic-admin\" \/>\n\t<meta name=\"twitter:label2\" content=\"Tiempo de lectura\" \/>\n\t<meta name=\"twitter:data2\" content=\"6 minutos\" \/>\n<script type=\"application\/ld+json\" class=\"yoast-schema-graph\">{\"@context\":\"https:\\\/\\\/schema.org\",\"@graph\":[{\"@type\":\"Article\",\"@id\":\"https:\\\/\\\/www.mosaicfactor.com\\\/es\\\/nuestros-take-aways-de-la-semana-del-mobile-world-congress-2025\\\/#article\",\"isPartOf\":{\"@id\":\"https:\\\/\\\/www.mosaicfactor.com\\\/es\\\/nuestros-take-aways-de-la-semana-del-mobile-world-congress-2025\\\/\"},\"author\":{\"name\":\"mosaic-admin\",\"@id\":\"https:\\\/\\\/www.mosaicfactor.com\\\/es\\\/#\\\/schema\\\/person\\\/225580d60c44591f614c1b61a3d43141\"},\"headline\":\"Nuestros take-aways de la semana del Mobile World Congress 2025\",\"datePublished\":\"2025-03-14T10:12:08+00:00\",\"dateModified\":\"2025-03-14T11:07:40+00:00\",\"mainEntityOfPage\":{\"@id\":\"https:\\\/\\\/www.mosaicfactor.com\\\/es\\\/nuestros-take-aways-de-la-semana-del-mobile-world-congress-2025\\\/\"},\"wordCount\":1057,\"publisher\":{\"@id\":\"https:\\\/\\\/www.mosaicfactor.com\\\/es\\\/#organization\"},\"image\":{\"@id\":\"https:\\\/\\\/www.mosaicfactor.com\\\/es\\\/nuestros-take-aways-de-la-semana-del-mobile-world-congress-2025\\\/#primaryimage\"},\"thumbnailUrl\":\"https:\\\/\\\/www.mosaicfactor.com\\\/wp-content\\\/uploads\\\/2025\\\/03\\\/MWC-nicePIC-1.webp\",\"articleSection\":[\"Automoci\u00f3n\",\"Events\",\"Gemelos Digitales\",\"Mobility\",\"Predictive Models\"],\"inLanguage\":\"es\"},{\"@type\":\"WebPage\",\"@id\":\"https:\\\/\\\/www.mosaicfactor.com\\\/es\\\/nuestros-take-aways-de-la-semana-del-mobile-world-congress-2025\\\/\",\"url\":\"https:\\\/\\\/www.mosaicfactor.com\\\/es\\\/nuestros-take-aways-de-la-semana-del-mobile-world-congress-2025\\\/\",\"name\":\"Mosaic Factor | Nuestros take-aways del MWC 2025\",\"isPartOf\":{\"@id\":\"https:\\\/\\\/www.mosaicfactor.com\\\/es\\\/#website\"},\"primaryImageOfPage\":{\"@id\":\"https:\\\/\\\/www.mosaicfactor.com\\\/es\\\/nuestros-take-aways-de-la-semana-del-mobile-world-congress-2025\\\/#primaryimage\"},\"image\":{\"@id\":\"https:\\\/\\\/www.mosaicfactor.com\\\/es\\\/nuestros-take-aways-de-la-semana-del-mobile-world-congress-2025\\\/#primaryimage\"},\"thumbnailUrl\":\"https:\\\/\\\/www.mosaicfactor.com\\\/wp-content\\\/uploads\\\/2025\\\/03\\\/MWC-nicePIC-1.webp\",\"datePublished\":\"2025-03-14T10:12:08+00:00\",\"dateModified\":\"2025-03-14T11:07:40+00:00\",\"description\":\"Mosaic Factor particip\u00f3 en el MWC 2025, sumergi\u00e9ndonos en tecnolog\u00edas de vanguardia, establendo conexiones clave y explorando tendencias en IA.\",\"breadcrumb\":{\"@id\":\"https:\\\/\\\/www.mosaicfactor.com\\\/es\\\/nuestros-take-aways-de-la-semana-del-mobile-world-congress-2025\\\/#breadcrumb\"},\"inLanguage\":\"es\",\"potentialAction\":[{\"@type\":\"ReadAction\",\"target\":[\"https:\\\/\\\/www.mosaicfactor.com\\\/es\\\/nuestros-take-aways-de-la-semana-del-mobile-world-congress-2025\\\/\"]}]},{\"@type\":\"ImageObject\",\"inLanguage\":\"es\",\"@id\":\"https:\\\/\\\/www.mosaicfactor.com\\\/es\\\/nuestros-take-aways-de-la-semana-del-mobile-world-congress-2025\\\/#primaryimage\",\"url\":\"https:\\\/\\\/www.mosaicfactor.com\\\/wp-content\\\/uploads\\\/2025\\\/03\\\/MWC-nicePIC-1.webp\",\"contentUrl\":\"https:\\\/\\\/www.mosaicfactor.com\\\/wp-content\\\/uploads\\\/2025\\\/03\\\/MWC-nicePIC-1.webp\",\"width\":980,\"height\":555,\"caption\":\"MWC2025 sphere\"},{\"@type\":\"BreadcrumbList\",\"@id\":\"https:\\\/\\\/www.mosaicfactor.com\\\/es\\\/nuestros-take-aways-de-la-semana-del-mobile-world-congress-2025\\\/#breadcrumb\",\"itemListElement\":[{\"@type\":\"ListItem\",\"position\":1,\"name\":\"Portada\",\"item\":\"https:\\\/\\\/www.mosaicfactor.com\\\/es\\\/\"},{\"@type\":\"ListItem\",\"position\":2,\"name\":\"Nuestros take-aways de la semana del Mobile World Congress 2025\"}]},{\"@type\":\"WebSite\",\"@id\":\"https:\\\/\\\/www.mosaicfactor.com\\\/es\\\/#website\",\"url\":\"https:\\\/\\\/www.mosaicfactor.com\\\/es\\\/\",\"name\":\"Mosaic Factor\",\"description\":\"Solving problems with big data\",\"publisher\":{\"@id\":\"https:\\\/\\\/www.mosaicfactor.com\\\/es\\\/#organization\"},\"potentialAction\":[{\"@type\":\"SearchAction\",\"target\":{\"@type\":\"EntryPoint\",\"urlTemplate\":\"https:\\\/\\\/www.mosaicfactor.com\\\/es\\\/?s={search_term_string}\"},\"query-input\":{\"@type\":\"PropertyValueSpecification\",\"valueRequired\":true,\"valueName\":\"search_term_string\"}}],\"inLanguage\":\"es\"},{\"@type\":\"Organization\",\"@id\":\"https:\\\/\\\/www.mosaicfactor.com\\\/es\\\/#organization\",\"name\":\"Mosaic Factor SL\",\"url\":\"https:\\\/\\\/www.mosaicfactor.com\\\/es\\\/\",\"logo\":{\"@type\":\"ImageObject\",\"inLanguage\":\"es\",\"@id\":\"https:\\\/\\\/www.mosaicfactor.com\\\/es\\\/#\\\/schema\\\/logo\\\/image\\\/\",\"url\":\"https:\\\/\\\/www.mosaicfactor.com\\\/wp-content\\\/uploads\\\/2024\\\/10\\\/logo-header-color-mosaic.webp\",\"contentUrl\":\"https:\\\/\\\/www.mosaicfactor.com\\\/wp-content\\\/uploads\\\/2024\\\/10\\\/logo-header-color-mosaic.webp\",\"width\":475,\"height\":114,\"caption\":\"Mosaic Factor SL\"},\"image\":{\"@id\":\"https:\\\/\\\/www.mosaicfactor.com\\\/es\\\/#\\\/schema\\\/logo\\\/image\\\/\"},\"sameAs\":[\"https:\\\/\\\/x.com\\\/mosaicfactor\"]},{\"@type\":\"Person\",\"@id\":\"https:\\\/\\\/www.mosaicfactor.com\\\/es\\\/#\\\/schema\\\/person\\\/225580d60c44591f614c1b61a3d43141\",\"name\":\"mosaic-admin\",\"image\":{\"@type\":\"ImageObject\",\"inLanguage\":\"es\",\"@id\":\"https:\\\/\\\/secure.gravatar.com\\\/avatar\\\/516f6e8b28dcf222693607dcecbb4c3ba05a6e5e5da7f758ff574359835adf2e?s=96&d=mm&r=g\",\"url\":\"https:\\\/\\\/secure.gravatar.com\\\/avatar\\\/516f6e8b28dcf222693607dcecbb4c3ba05a6e5e5da7f758ff574359835adf2e?s=96&d=mm&r=g\",\"contentUrl\":\"https:\\\/\\\/secure.gravatar.com\\\/avatar\\\/516f6e8b28dcf222693607dcecbb4c3ba05a6e5e5da7f758ff574359835adf2e?s=96&d=mm&r=g\",\"caption\":\"mosaic-admin\"},\"url\":\"https:\\\/\\\/www.mosaicfactor.com\\\/es\\\/author\\\/mosaic-admin\\\/\"}]}<\/script>\n<!-- \/ Yoast SEO plugin. -->","yoast_head_json":{"title":"Mosaic Factor | Nuestros take-aways del MWC 2025","description":"Mosaic Factor particip\u00f3 en el MWC 2025, sumergi\u00e9ndonos en tecnolog\u00edas de vanguardia, establendo conexiones clave y explorando tendencias en IA.","robots":{"index":"index","follow":"follow","max-snippet":"max-snippet:-1","max-image-preview":"max-image-preview:large","max-video-preview":"max-video-preview:-1"},"canonical":"https:\/\/www.mosaicfactor.com\/es\/nuestros-take-aways-de-la-semana-del-mobile-world-congress-2025\/","og_locale":"es_ES","og_type":"article","og_title":"Mosaic Factor | Nuestros take-aways del MWC 2025","og_description":"Mosaic Factor particip\u00f3 en el MWC 2025, sumergi\u00e9ndonos en tecnolog\u00edas de vanguardia, establendo conexiones clave y explorando tendencias en IA.","og_url":"https:\/\/www.mosaicfactor.com\/es\/nuestros-take-aways-de-la-semana-del-mobile-world-congress-2025\/","og_site_name":"Mosaic Factor","article_published_time":"2025-03-14T10:12:08+00:00","article_modified_time":"2025-03-14T11:07:40+00:00","og_image":[{"width":980,"height":555,"url":"https:\/\/www.mosaicfactor.com\/wp-content\/uploads\/2025\/03\/MWC-nicePIC-1.webp","type":"image\/webp"}],"author":"mosaic-admin","twitter_card":"summary_large_image","twitter_creator":"@mosaicfactor","twitter_site":"@mosaicfactor","twitter_misc":{"Escrito por":"mosaic-admin","Tiempo de lectura":"6 minutos"},"schema":{"@context":"https:\/\/schema.org","@graph":[{"@type":"Article","@id":"https:\/\/www.mosaicfactor.com\/es\/nuestros-take-aways-de-la-semana-del-mobile-world-congress-2025\/#article","isPartOf":{"@id":"https:\/\/www.mosaicfactor.com\/es\/nuestros-take-aways-de-la-semana-del-mobile-world-congress-2025\/"},"author":{"name":"mosaic-admin","@id":"https:\/\/www.mosaicfactor.com\/es\/#\/schema\/person\/225580d60c44591f614c1b61a3d43141"},"headline":"Nuestros take-aways de la semana del Mobile World Congress 2025","datePublished":"2025-03-14T10:12:08+00:00","dateModified":"2025-03-14T11:07:40+00:00","mainEntityOfPage":{"@id":"https:\/\/www.mosaicfactor.com\/es\/nuestros-take-aways-de-la-semana-del-mobile-world-congress-2025\/"},"wordCount":1057,"publisher":{"@id":"https:\/\/www.mosaicfactor.com\/es\/#organization"},"image":{"@id":"https:\/\/www.mosaicfactor.com\/es\/nuestros-take-aways-de-la-semana-del-mobile-world-congress-2025\/#primaryimage"},"thumbnailUrl":"https:\/\/www.mosaicfactor.com\/wp-content\/uploads\/2025\/03\/MWC-nicePIC-1.webp","articleSection":["Automoci\u00f3n","Events","Gemelos Digitales","Mobility","Predictive Models"],"inLanguage":"es"},{"@type":"WebPage","@id":"https:\/\/www.mosaicfactor.com\/es\/nuestros-take-aways-de-la-semana-del-mobile-world-congress-2025\/","url":"https:\/\/www.mosaicfactor.com\/es\/nuestros-take-aways-de-la-semana-del-mobile-world-congress-2025\/","name":"Mosaic Factor | Nuestros take-aways del MWC 2025","isPartOf":{"@id":"https:\/\/www.mosaicfactor.com\/es\/#website"},"primaryImageOfPage":{"@id":"https:\/\/www.mosaicfactor.com\/es\/nuestros-take-aways-de-la-semana-del-mobile-world-congress-2025\/#primaryimage"},"image":{"@id":"https:\/\/www.mosaicfactor.com\/es\/nuestros-take-aways-de-la-semana-del-mobile-world-congress-2025\/#primaryimage"},"thumbnailUrl":"https:\/\/www.mosaicfactor.com\/wp-content\/uploads\/2025\/03\/MWC-nicePIC-1.webp","datePublished":"2025-03-14T10:12:08+00:00","dateModified":"2025-03-14T11:07:40+00:00","description":"Mosaic Factor particip\u00f3 en el MWC 2025, sumergi\u00e9ndonos en tecnolog\u00edas de vanguardia, establendo conexiones clave y explorando tendencias en IA.","breadcrumb":{"@id":"https:\/\/www.mosaicfactor.com\/es\/nuestros-take-aways-de-la-semana-del-mobile-world-congress-2025\/#breadcrumb"},"inLanguage":"es","potentialAction":[{"@type":"ReadAction","target":["https:\/\/www.mosaicfactor.com\/es\/nuestros-take-aways-de-la-semana-del-mobile-world-congress-2025\/"]}]},{"@type":"ImageObject","inLanguage":"es","@id":"https:\/\/www.mosaicfactor.com\/es\/nuestros-take-aways-de-la-semana-del-mobile-world-congress-2025\/#primaryimage","url":"https:\/\/www.mosaicfactor.com\/wp-content\/uploads\/2025\/03\/MWC-nicePIC-1.webp","contentUrl":"https:\/\/www.mosaicfactor.com\/wp-content\/uploads\/2025\/03\/MWC-nicePIC-1.webp","width":980,"height":555,"caption":"MWC2025 sphere"},{"@type":"BreadcrumbList","@id":"https:\/\/www.mosaicfactor.com\/es\/nuestros-take-aways-de-la-semana-del-mobile-world-congress-2025\/#breadcrumb","itemListElement":[{"@type":"ListItem","position":1,"name":"Portada","item":"https:\/\/www.mosaicfactor.com\/es\/"},{"@type":"ListItem","position":2,"name":"Nuestros take-aways de la semana del Mobile World Congress 2025"}]},{"@type":"WebSite","@id":"https:\/\/www.mosaicfactor.com\/es\/#website","url":"https:\/\/www.mosaicfactor.com\/es\/","name":"Mosaic Factor","description":"Solving problems with big data","publisher":{"@id":"https:\/\/www.mosaicfactor.com\/es\/#organization"},"potentialAction":[{"@type":"SearchAction","target":{"@type":"EntryPoint","urlTemplate":"https:\/\/www.mosaicfactor.com\/es\/?s={search_term_string}"},"query-input":{"@type":"PropertyValueSpecification","valueRequired":true,"valueName":"search_term_string"}}],"inLanguage":"es"},{"@type":"Organization","@id":"https:\/\/www.mosaicfactor.com\/es\/#organization","name":"Mosaic Factor SL","url":"https:\/\/www.mosaicfactor.com\/es\/","logo":{"@type":"ImageObject","inLanguage":"es","@id":"https:\/\/www.mosaicfactor.com\/es\/#\/schema\/logo\/image\/","url":"https:\/\/www.mosaicfactor.com\/wp-content\/uploads\/2024\/10\/logo-header-color-mosaic.webp","contentUrl":"https:\/\/www.mosaicfactor.com\/wp-content\/uploads\/2024\/10\/logo-header-color-mosaic.webp","width":475,"height":114,"caption":"Mosaic Factor SL"},"image":{"@id":"https:\/\/www.mosaicfactor.com\/es\/#\/schema\/logo\/image\/"},"sameAs":["https:\/\/x.com\/mosaicfactor"]},{"@type":"Person","@id":"https:\/\/www.mosaicfactor.com\/es\/#\/schema\/person\/225580d60c44591f614c1b61a3d43141","name":"mosaic-admin","image":{"@type":"ImageObject","inLanguage":"es","@id":"https:\/\/secure.gravatar.com\/avatar\/516f6e8b28dcf222693607dcecbb4c3ba05a6e5e5da7f758ff574359835adf2e?s=96&d=mm&r=g","url":"https:\/\/secure.gravatar.com\/avatar\/516f6e8b28dcf222693607dcecbb4c3ba05a6e5e5da7f758ff574359835adf2e?s=96&d=mm&r=g","contentUrl":"https:\/\/secure.gravatar.com\/avatar\/516f6e8b28dcf222693607dcecbb4c3ba05a6e5e5da7f758ff574359835adf2e?s=96&d=mm&r=g","caption":"mosaic-admin"},"url":"https:\/\/www.mosaicfactor.com\/es\/author\/mosaic-admin\/"}]}},"_links":{"self":[{"href":"https:\/\/www.mosaicfactor.com\/es\/wp-json\/wp\/v2\/posts\/4516","targetHints":{"allow":["GET"]}}],"collection":[{"href":"https:\/\/www.mosaicfactor.com\/es\/wp-json\/wp\/v2\/posts"}],"about":[{"href":"https:\/\/www.mosaicfactor.com\/es\/wp-json\/wp\/v2\/types\/post"}],"author":[{"embeddable":true,"href":"https:\/\/www.mosaicfactor.com\/es\/wp-json\/wp\/v2\/users\/2"}],"replies":[{"embeddable":true,"href":"https:\/\/www.mosaicfactor.com\/es\/wp-json\/wp\/v2\/comments?post=4516"}],"version-history":[{"count":2,"href":"https:\/\/www.mosaicfactor.com\/es\/wp-json\/wp\/v2\/posts\/4516\/revisions"}],"predecessor-version":[{"id":4519,"href":"https:\/\/www.mosaicfactor.com\/es\/wp-json\/wp\/v2\/posts\/4516\/revisions\/4519"}],"wp:featuredmedia":[{"embeddable":true,"href":"https:\/\/www.mosaicfactor.com\/es\/wp-json\/wp\/v2\/media\/4515"}],"wp:attachment":[{"href":"https:\/\/www.mosaicfactor.com\/es\/wp-json\/wp\/v2\/media?parent=4516"}],"wp:term":[{"taxonomy":"category","embeddable":true,"href":"https:\/\/www.mosaicfactor.com\/es\/wp-json\/wp\/v2\/categories?post=4516"},{"taxonomy":"post_tag","embeddable":true,"href":"https:\/\/www.mosaicfactor.com\/es\/wp-json\/wp\/v2\/tags?post=4516"}],"curies":[{"name":"wp","href":"https:\/\/api.w.org\/{rel}","templated":true}]}}