{"id":6112,"date":"2026-03-06T11:43:54","date_gmt":"2026-03-06T10:43:54","guid":{"rendered":"https:\/\/www.mosaicfactor.com\/mobile-world-congress-2026-entrando-en-la-era-iq\/"},"modified":"2026-03-06T13:35:52","modified_gmt":"2026-03-06T12:35:52","slug":"mobile-world-congress-2026-entrando-en-la-era-iq","status":"publish","type":"post","link":"https:\/\/www.mosaicfactor.com\/es\/mobile-world-congress-2026-entrando-en-la-era-iq\/","title":{"rendered":"Mobile World Congress 2026: Entrando en la era IQ"},"content":{"rendered":"<p>Barcelona se convirti\u00f3 una vez m\u00e1s en el centro del ecosistema global de la tecnolog\u00eda m\u00f3vil con el regreso del Mobile World Congress (MWC) en su edici\u00f3n 2026, reuniendo a m\u00e1s de 2900 expositores y m\u00e1s de 1200 ponentes. El tema oficial de este a\u00f1o, \u00ab<em>La era IQ<\/em>\u00ab, se centr\u00f3 en la <strong>infraestructura inteligente, la conectividad impulsada por IA, la integraci\u00f3n de la IA empresarial y la innovaci\u00f3n inclusiva<\/strong>, lo que marca un cambio importante en la evoluci\u00f3n de las redes de telecomunicaciones, convirti\u00e9ndose en la columna vertebral del ecosistema global de IA.<\/p>\n<p>En representaci\u00f3n de Mosaic Factor, Joan Sampablo, director de ventas, asisti\u00f3 al evento para explorar los \u00faltimos avances que configuran el futuro de la conectividad, la inteligencia artificial y la infraestructura digital.<\/p>\n<p>. <img loading=\"lazy\" decoding=\"async\" class=\"alignnone wp-image-6089\" src=\"https:\/\/www.mosaicfactor.com\/wp-content\/uploads\/2026\/03\/Joan_MWC2026-300x225.webp\" alt=\"MWC 4YFN 2026\" width=\"304\" height=\"228\" \/> \u00a0<img loading=\"lazy\" decoding=\"async\" class=\"alignnone wp-image-6095\" src=\"https:\/\/www.mosaicfactor.com\/wp-content\/uploads\/2026\/03\/MWCVenue-225x300.webp\" alt=\"MWC 2026\" width=\"170\" height=\"227\" \/> \u00a0\u00a0<img loading=\"lazy\" decoding=\"async\" class=\"alignnone wp-image-6104\" src=\"https:\/\/www.mosaicfactor.com\/wp-content\/uploads\/2026\/03\/AIinHealthcareMWC-225x300.webp\" alt=\"MWC 2026\" width=\"170\" height=\"227\" \/><\/p>\n<h2><strong>Las telecomunicaciones como columna vertebral de la IA<\/strong><\/h2>\n<p>El MWC 2026 destac\u00f3 c\u00f3mo la industria de las telecomunicaciones est\u00e1 yendo m\u00e1s all\u00e1 de la conectividad para convertirse en un elemento clave de la pr\u00f3xima generaci\u00f3n de servicios impulsados por IA. Los l\u00edderes de la GSMA describieron tres pilares clave que se espera impulsen la siguiente fase del crecimiento digital:<\/p>\n<ul>\n<li>La finalizaci\u00f3n de los <strong>despliegues de redes 5G independientes<\/strong>.<\/li>\n<li>Un acceso m\u00e1s amplio a <strong>tecnolog\u00edas de IA abiertas e inclusivas<\/strong>.<\/li>\n<li>Marcos globales de <strong>seguridad y confianza digital m\u00e1s s\u00f3lidos<\/strong>.<\/li>\n<\/ul>\n<p>Estas prioridades reflejan una transici\u00f3n m\u00e1s amplia hacia redes que no solo sean m\u00e1s r\u00e1pidas, sino tambi\u00e9n capaces de soportar inteligencia distribuida y servicios basados en IA.<\/p>\n<p><span data-contrast=\"auto\">.<\/span><span data-ccp-props=\"{}\">\u00a0<\/span> <img loading=\"lazy\" decoding=\"async\" class=\"alignnone size-medium wp-image-6092\" src=\"https:\/\/www.mosaicfactor.com\/wp-content\/uploads\/2026\/03\/TecnoMWC-225x300.webp\" alt=\"MWC 2026\" width=\"225\" height=\"300\" \/> <img loading=\"lazy\" decoding=\"async\" class=\"alignnone size-medium wp-image-6107\" src=\"https:\/\/www.mosaicfactor.com\/wp-content\/uploads\/2026\/03\/InvestorsZoneMWC-225x300.webp\" alt=\"MWC 2026\" width=\"225\" height=\"300\" \/> <img loading=\"lazy\" decoding=\"async\" class=\"alignnone size-medium wp-image-6086\" src=\"https:\/\/www.mosaicfactor.com\/wp-content\/uploads\/2026\/03\/ViasatMWC-225x300.webp\" alt=\"MWC 2026\" width=\"225\" height=\"300\" \/><\/p>\n<h2><strong>El auge de la inteligencia en el dispositivo<\/strong><\/h2>\n<p>Un tema central del evento fue el auge de la IA en todas partes, en particular la transici\u00f3n hacia la inteligencia en el dispositivo y nativa de la red. Los fabricantes de chips y dispositivos presentaron nuevas y potentes arquitecturas de sistema en chip dise\u00f1adas para la inferencia local de IA, que permiten capacidades como:<\/p>\n<ul>\n<li>Traducci\u00f3n en tiempo real<\/li>\n<li>Resumen en el dispositivo<\/li>\n<li>Procesamiento avanzado de fotos<\/li>\n<li>Asistentes de IA capaces de realizar tareas complejas sin depender de la nube.<\/li>\n<\/ul>\n<p>Para desarrolladores y empresas, este cambio se\u00f1ala un nuevo est\u00e1ndar de dise\u00f1o donde las aplicaciones se crean teniendo en cuenta el procesamiento local de IA y la interacci\u00f3n multimodal, combinando interfaces de c\u00e1mara, voz y texto para ofrecer experiencias m\u00e1s completas.<\/p>\n<h2><strong>Futuro de los sistemas aut\u00f3nomos<\/strong><\/h2>\n<p>Otro tema destacado fue la aparici\u00f3n de los sistemas de IA con agentes, donde los agentes aut\u00f3nomos de IA pueden coordinar tareas en redes, infraestructuras y entornos f\u00edsicos. Los proveedores de telecomunicaciones y las startups demostraron c\u00f3mo estos sistemas podr\u00edan aplicarse a la orquestaci\u00f3n de redes, la automatizaci\u00f3n de operaciones y la mejora de la ciberseguridad.<\/p>\n<h3>Pr\u00f3xima generaci\u00f3n de sistemas conectados<\/h3>\n<p><span class=\"TextRun SCXW168559873 BCX0\" lang=\"EN-US\" xml:lang=\"EN-US\" data-contrast=\"auto\"><span class=\"NormalTextRun SCXW168559873 BCX0\">Uno de los conceptos m\u00e1s debatidos en el congreso de este a\u00f1o fue la \u00abcomputaci\u00f3n cin\u00e9tica\u00bb y los \u00abtokens cin\u00e9ticos\u00bb. Estos representan unidades de computaci\u00f3n ultrarr\u00e1pidas dise\u00f1adas para sincronizar acciones reales en rob\u00f3tica, drones, veh\u00edculos aut\u00f3nomos y otros sistemas distribuidos. Los operadores de telecomunicaciones argumentan que sus redes est\u00e1n en una posici\u00f3n \u00fanica para ofrecer la coordinaci\u00f3n en milisegundos necesaria para impulsar estas tecnolog\u00edas emergentes.<\/span><\/span><span class=\"EOP SCXW168559873 BCX0\" data-ccp-props=\"{}\">\u00a0<\/span><\/p>\n<h3>Seguridad, confianza digital e inclusi\u00f3n global<\/h3>\n<p>La seguridad y la inclusi\u00f3n digital global tambi\u00e9n ocuparon un lugar destacado en la agenda de la conferencia. Ante el continuo aumento de los costes de la ciberdelincuencia en todo el mundo, los l\u00edderes del sector destacaron la importancia de:<\/p>\n<ul>\n<li>IA que preserve la privacidad<\/li>\n<li>Marcos de identidad digital m\u00e1s s\u00f3lidos<\/li>\n<li>Modelos de IA capaces de soportar m\u00e1s idiomas globales<\/li>\n<li>Est\u00e1ndares de infraestructura transfronterizos<\/li>\n<\/ul>\n<p>Estas prioridades reflejan el creciente reconocimiento de que la innovaci\u00f3n tecnol\u00f3gica debe ir acompa\u00f1ada de una gobernanza s\u00f3lida y un acceso digital inclusivo.<\/p>\n<h2><strong>Mosaic Factor en el MWC 2026<\/strong><\/h2>\n<p>Seg\u00fan Joan, asistir al MWC proporciona informaci\u00f3n valiosa sobre la r\u00e1pida evoluci\u00f3n del panorama de las telecomunicaciones y la tecnolog\u00eda. El evento destac\u00f3 la creciente importancia de la infraestructura basada en IA y la computaci\u00f3n en el borde, as\u00ed como el papel cada vez m\u00e1s importante que desempe\u00f1ar\u00e1n las redes de telecomunicaciones para habilitar aplicaciones inteligentes y sistemas conectados.<\/p>\n<p>Para Mosaic Factor, asistir al congreso ofrece la oportunidad de mantenerse al d\u00eda con las tendencias e innovaciones emergentes de la industria que dar\u00e1n forma a la pr\u00f3xima generaci\u00f3n de soluciones digitales.<\/p>\n<p>A medida que la industria se adentra en la llamada Era IQ, se espera que <strong>la convergencia de la IA<\/strong>, <strong>la conectividad avanzada y la computaci\u00f3n distribuida<\/strong> redefina la forma en que <strong>interact\u00faan los dispositivos, las redes y las empresas, creando nuevas oportunidades de innovaci\u00f3n en todos los sectores a nivel mundial<\/strong>.<\/p>\n","protected":false},"excerpt":{"rendered":"<p>Mobile World Congress 2026 destaca la llegada de la \u00abEra IQ\u00bb: conectividad impulsada por IA, inteligencia en el dispositivo e infraestructura avanzada de telecomunicaciones<\/p>\n","protected":false},"author":2,"featured_media":6190,"comment_status":"closed","ping_status":"closed","sticky":false,"template":"","format":"standard","meta":{"_acf_changed":false,"_et_pb_use_builder":"","_et_pb_old_content":"","_et_gb_content_width":"","inline_featured_image":false,"footnotes":""},"categories":[108,135,175,113,107,134],"tags":[],"class_list":["post-6112","post","type-post","status-publish","format-standard","has-post-thumbnail","hentry","category-automocion","category-events-es","category-gemelos-digitales","category-mobility-es","category-predictive-models-es","category-trustworthy-ia-es"],"acf":[],"yoast_head":"<!-- This site is optimized with the Yoast SEO plugin v27.4 - https:\/\/yoast.com\/product\/yoast-seo-wordpress\/ -->\n<title>Mosaic Factor | MWC 2026 entrando en la era IQ<\/title>\n<meta name=\"description\" content=\"Mosaic Factor participa en el MWC 2026. Conectividad AI-driven, inteligencia on-device, e infraestructura avanzada de telecoms. Lee +\" \/>\n<meta name=\"robots\" content=\"index, follow, max-snippet:-1, max-image-preview:large, max-video-preview:-1\" \/>\n<link rel=\"canonical\" href=\"https:\/\/www.mosaicfactor.com\/es\/mobile-world-congress-2026-entrando-en-la-era-iq\/\" \/>\n<meta property=\"og:locale\" content=\"es_ES\" \/>\n<meta property=\"og:type\" content=\"article\" \/>\n<meta property=\"og:title\" content=\"Mosaic Factor | MWC 2026 entrando en la era IQ\" \/>\n<meta property=\"og:description\" content=\"Mosaic Factor participa en el MWC 2026. Conectividad AI-driven, inteligencia on-device, e infraestructura avanzada de telecoms. Lee +\" \/>\n<meta property=\"og:url\" content=\"https:\/\/www.mosaicfactor.com\/es\/mobile-world-congress-2026-entrando-en-la-era-iq\/\" \/>\n<meta property=\"og:site_name\" content=\"Mosaic Factor\" \/>\n<meta property=\"article:published_time\" content=\"2026-03-06T10:43:54+00:00\" \/>\n<meta property=\"article:modified_time\" content=\"2026-03-06T12:35:52+00:00\" \/>\n<meta property=\"og:image\" content=\"https:\/\/www.mosaicfactor.com\/wp-content\/uploads\/2026\/03\/MWConferenceDistrict.webp\" \/>\n\t<meta property=\"og:image:width\" content=\"980\" \/>\n\t<meta property=\"og:image:height\" content=\"655\" \/>\n\t<meta property=\"og:image:type\" content=\"image\/webp\" \/>\n<meta name=\"author\" content=\"mosaic-admin\" \/>\n<meta name=\"twitter:card\" content=\"summary_large_image\" \/>\n<meta name=\"twitter:creator\" content=\"@mosaicfactor\" \/>\n<meta name=\"twitter:site\" content=\"@mosaicfactor\" \/>\n<meta name=\"twitter:label1\" content=\"Escrito por\" \/>\n\t<meta name=\"twitter:data1\" content=\"mosaic-admin\" \/>\n\t<meta name=\"twitter:label2\" content=\"Tiempo de lectura\" \/>\n\t<meta name=\"twitter:data2\" content=\"5 minutos\" \/>\n<script type=\"application\/ld+json\" class=\"yoast-schema-graph\">{\"@context\":\"https:\\\/\\\/schema.org\",\"@graph\":[{\"@type\":\"Article\",\"@id\":\"https:\\\/\\\/www.mosaicfactor.com\\\/es\\\/mobile-world-congress-2026-entrando-en-la-era-iq\\\/#article\",\"isPartOf\":{\"@id\":\"https:\\\/\\\/www.mosaicfactor.com\\\/es\\\/mobile-world-congress-2026-entrando-en-la-era-iq\\\/\"},\"author\":{\"name\":\"mosaic-admin\",\"@id\":\"https:\\\/\\\/www.mosaicfactor.com\\\/es\\\/#\\\/schema\\\/person\\\/225580d60c44591f614c1b61a3d43141\"},\"headline\":\"Mobile World Congress 2026: Entrando en la era IQ\",\"datePublished\":\"2026-03-06T10:43:54+00:00\",\"dateModified\":\"2026-03-06T12:35:52+00:00\",\"mainEntityOfPage\":{\"@id\":\"https:\\\/\\\/www.mosaicfactor.com\\\/es\\\/mobile-world-congress-2026-entrando-en-la-era-iq\\\/\"},\"wordCount\":834,\"publisher\":{\"@id\":\"https:\\\/\\\/www.mosaicfactor.com\\\/es\\\/#organization\"},\"image\":{\"@id\":\"https:\\\/\\\/www.mosaicfactor.com\\\/es\\\/mobile-world-congress-2026-entrando-en-la-era-iq\\\/#primaryimage\"},\"thumbnailUrl\":\"https:\\\/\\\/www.mosaicfactor.com\\\/wp-content\\\/uploads\\\/2026\\\/03\\\/MWConferenceDistrict-1.webp\",\"articleSection\":[\"Automoci\u00f3n\",\"Events\",\"Gemelos Digitales\",\"Mobility\",\"Predictive Models\",\"Trustworthy IA\"],\"inLanguage\":\"es\"},{\"@type\":\"WebPage\",\"@id\":\"https:\\\/\\\/www.mosaicfactor.com\\\/es\\\/mobile-world-congress-2026-entrando-en-la-era-iq\\\/\",\"url\":\"https:\\\/\\\/www.mosaicfactor.com\\\/es\\\/mobile-world-congress-2026-entrando-en-la-era-iq\\\/\",\"name\":\"Mosaic Factor | MWC 2026 entrando en la era IQ\",\"isPartOf\":{\"@id\":\"https:\\\/\\\/www.mosaicfactor.com\\\/es\\\/#website\"},\"primaryImageOfPage\":{\"@id\":\"https:\\\/\\\/www.mosaicfactor.com\\\/es\\\/mobile-world-congress-2026-entrando-en-la-era-iq\\\/#primaryimage\"},\"image\":{\"@id\":\"https:\\\/\\\/www.mosaicfactor.com\\\/es\\\/mobile-world-congress-2026-entrando-en-la-era-iq\\\/#primaryimage\"},\"thumbnailUrl\":\"https:\\\/\\\/www.mosaicfactor.com\\\/wp-content\\\/uploads\\\/2026\\\/03\\\/MWConferenceDistrict-1.webp\",\"datePublished\":\"2026-03-06T10:43:54+00:00\",\"dateModified\":\"2026-03-06T12:35:52+00:00\",\"description\":\"Mosaic Factor participa en el MWC 2026. Conectividad AI-driven, inteligencia on-device, e infraestructura avanzada de telecoms. Lee +\",\"breadcrumb\":{\"@id\":\"https:\\\/\\\/www.mosaicfactor.com\\\/es\\\/mobile-world-congress-2026-entrando-en-la-era-iq\\\/#breadcrumb\"},\"inLanguage\":\"es\",\"potentialAction\":[{\"@type\":\"ReadAction\",\"target\":[\"https:\\\/\\\/www.mosaicfactor.com\\\/es\\\/mobile-world-congress-2026-entrando-en-la-era-iq\\\/\"]}]},{\"@type\":\"ImageObject\",\"inLanguage\":\"es\",\"@id\":\"https:\\\/\\\/www.mosaicfactor.com\\\/es\\\/mobile-world-congress-2026-entrando-en-la-era-iq\\\/#primaryimage\",\"url\":\"https:\\\/\\\/www.mosaicfactor.com\\\/wp-content\\\/uploads\\\/2026\\\/03\\\/MWConferenceDistrict-1.webp\",\"contentUrl\":\"https:\\\/\\\/www.mosaicfactor.com\\\/wp-content\\\/uploads\\\/2026\\\/03\\\/MWConferenceDistrict-1.webp\",\"width\":636,\"height\":385,\"caption\":\"MWC 2026\"},{\"@type\":\"BreadcrumbList\",\"@id\":\"https:\\\/\\\/www.mosaicfactor.com\\\/es\\\/mobile-world-congress-2026-entrando-en-la-era-iq\\\/#breadcrumb\",\"itemListElement\":[{\"@type\":\"ListItem\",\"position\":1,\"name\":\"Portada\",\"item\":\"https:\\\/\\\/www.mosaicfactor.com\\\/es\\\/\"},{\"@type\":\"ListItem\",\"position\":2,\"name\":\"Mobile World Congress 2026: Entrando en la era IQ\"}]},{\"@type\":\"WebSite\",\"@id\":\"https:\\\/\\\/www.mosaicfactor.com\\\/es\\\/#website\",\"url\":\"https:\\\/\\\/www.mosaicfactor.com\\\/es\\\/\",\"name\":\"Mosaic Factor\",\"description\":\"Solving problems with big data\",\"publisher\":{\"@id\":\"https:\\\/\\\/www.mosaicfactor.com\\\/es\\\/#organization\"},\"potentialAction\":[{\"@type\":\"SearchAction\",\"target\":{\"@type\":\"EntryPoint\",\"urlTemplate\":\"https:\\\/\\\/www.mosaicfactor.com\\\/es\\\/?s={search_term_string}\"},\"query-input\":{\"@type\":\"PropertyValueSpecification\",\"valueRequired\":true,\"valueName\":\"search_term_string\"}}],\"inLanguage\":\"es\"},{\"@type\":\"Organization\",\"@id\":\"https:\\\/\\\/www.mosaicfactor.com\\\/es\\\/#organization\",\"name\":\"Mosaic Factor SL\",\"url\":\"https:\\\/\\\/www.mosaicfactor.com\\\/es\\\/\",\"logo\":{\"@type\":\"ImageObject\",\"inLanguage\":\"es\",\"@id\":\"https:\\\/\\\/www.mosaicfactor.com\\\/es\\\/#\\\/schema\\\/logo\\\/image\\\/\",\"url\":\"https:\\\/\\\/www.mosaicfactor.com\\\/wp-content\\\/uploads\\\/2024\\\/10\\\/logo-header-color-mosaic.webp\",\"contentUrl\":\"https:\\\/\\\/www.mosaicfactor.com\\\/wp-content\\\/uploads\\\/2024\\\/10\\\/logo-header-color-mosaic.webp\",\"width\":475,\"height\":114,\"caption\":\"Mosaic Factor SL\"},\"image\":{\"@id\":\"https:\\\/\\\/www.mosaicfactor.com\\\/es\\\/#\\\/schema\\\/logo\\\/image\\\/\"},\"sameAs\":[\"https:\\\/\\\/x.com\\\/mosaicfactor\"]},{\"@type\":\"Person\",\"@id\":\"https:\\\/\\\/www.mosaicfactor.com\\\/es\\\/#\\\/schema\\\/person\\\/225580d60c44591f614c1b61a3d43141\",\"name\":\"mosaic-admin\",\"image\":{\"@type\":\"ImageObject\",\"inLanguage\":\"es\",\"@id\":\"https:\\\/\\\/secure.gravatar.com\\\/avatar\\\/516f6e8b28dcf222693607dcecbb4c3ba05a6e5e5da7f758ff574359835adf2e?s=96&d=mm&r=g\",\"url\":\"https:\\\/\\\/secure.gravatar.com\\\/avatar\\\/516f6e8b28dcf222693607dcecbb4c3ba05a6e5e5da7f758ff574359835adf2e?s=96&d=mm&r=g\",\"contentUrl\":\"https:\\\/\\\/secure.gravatar.com\\\/avatar\\\/516f6e8b28dcf222693607dcecbb4c3ba05a6e5e5da7f758ff574359835adf2e?s=96&d=mm&r=g\",\"caption\":\"mosaic-admin\"},\"url\":\"https:\\\/\\\/www.mosaicfactor.com\\\/es\\\/author\\\/mosaic-admin\\\/\"}]}<\/script>\n<!-- \/ Yoast SEO plugin. -->","yoast_head_json":{"title":"Mosaic Factor | MWC 2026 entrando en la era IQ","description":"Mosaic Factor participa en el MWC 2026. Conectividad AI-driven, inteligencia on-device, e infraestructura avanzada de telecoms. Lee +","robots":{"index":"index","follow":"follow","max-snippet":"max-snippet:-1","max-image-preview":"max-image-preview:large","max-video-preview":"max-video-preview:-1"},"canonical":"https:\/\/www.mosaicfactor.com\/es\/mobile-world-congress-2026-entrando-en-la-era-iq\/","og_locale":"es_ES","og_type":"article","og_title":"Mosaic Factor | MWC 2026 entrando en la era IQ","og_description":"Mosaic Factor participa en el MWC 2026. Conectividad AI-driven, inteligencia on-device, e infraestructura avanzada de telecoms. Lee +","og_url":"https:\/\/www.mosaicfactor.com\/es\/mobile-world-congress-2026-entrando-en-la-era-iq\/","og_site_name":"Mosaic Factor","article_published_time":"2026-03-06T10:43:54+00:00","article_modified_time":"2026-03-06T12:35:52+00:00","og_image":[{"width":980,"height":655,"url":"https:\/\/www.mosaicfactor.com\/wp-content\/uploads\/2026\/03\/MWConferenceDistrict.webp","type":"image\/webp"}],"author":"mosaic-admin","twitter_card":"summary_large_image","twitter_creator":"@mosaicfactor","twitter_site":"@mosaicfactor","twitter_misc":{"Escrito por":"mosaic-admin","Tiempo de lectura":"5 minutos"},"schema":{"@context":"https:\/\/schema.org","@graph":[{"@type":"Article","@id":"https:\/\/www.mosaicfactor.com\/es\/mobile-world-congress-2026-entrando-en-la-era-iq\/#article","isPartOf":{"@id":"https:\/\/www.mosaicfactor.com\/es\/mobile-world-congress-2026-entrando-en-la-era-iq\/"},"author":{"name":"mosaic-admin","@id":"https:\/\/www.mosaicfactor.com\/es\/#\/schema\/person\/225580d60c44591f614c1b61a3d43141"},"headline":"Mobile World Congress 2026: Entrando en la era IQ","datePublished":"2026-03-06T10:43:54+00:00","dateModified":"2026-03-06T12:35:52+00:00","mainEntityOfPage":{"@id":"https:\/\/www.mosaicfactor.com\/es\/mobile-world-congress-2026-entrando-en-la-era-iq\/"},"wordCount":834,"publisher":{"@id":"https:\/\/www.mosaicfactor.com\/es\/#organization"},"image":{"@id":"https:\/\/www.mosaicfactor.com\/es\/mobile-world-congress-2026-entrando-en-la-era-iq\/#primaryimage"},"thumbnailUrl":"https:\/\/www.mosaicfactor.com\/wp-content\/uploads\/2026\/03\/MWConferenceDistrict-1.webp","articleSection":["Automoci\u00f3n","Events","Gemelos Digitales","Mobility","Predictive Models","Trustworthy IA"],"inLanguage":"es"},{"@type":"WebPage","@id":"https:\/\/www.mosaicfactor.com\/es\/mobile-world-congress-2026-entrando-en-la-era-iq\/","url":"https:\/\/www.mosaicfactor.com\/es\/mobile-world-congress-2026-entrando-en-la-era-iq\/","name":"Mosaic Factor | MWC 2026 entrando en la era IQ","isPartOf":{"@id":"https:\/\/www.mosaicfactor.com\/es\/#website"},"primaryImageOfPage":{"@id":"https:\/\/www.mosaicfactor.com\/es\/mobile-world-congress-2026-entrando-en-la-era-iq\/#primaryimage"},"image":{"@id":"https:\/\/www.mosaicfactor.com\/es\/mobile-world-congress-2026-entrando-en-la-era-iq\/#primaryimage"},"thumbnailUrl":"https:\/\/www.mosaicfactor.com\/wp-content\/uploads\/2026\/03\/MWConferenceDistrict-1.webp","datePublished":"2026-03-06T10:43:54+00:00","dateModified":"2026-03-06T12:35:52+00:00","description":"Mosaic Factor participa en el MWC 2026. Conectividad AI-driven, inteligencia on-device, e infraestructura avanzada de telecoms. Lee +","breadcrumb":{"@id":"https:\/\/www.mosaicfactor.com\/es\/mobile-world-congress-2026-entrando-en-la-era-iq\/#breadcrumb"},"inLanguage":"es","potentialAction":[{"@type":"ReadAction","target":["https:\/\/www.mosaicfactor.com\/es\/mobile-world-congress-2026-entrando-en-la-era-iq\/"]}]},{"@type":"ImageObject","inLanguage":"es","@id":"https:\/\/www.mosaicfactor.com\/es\/mobile-world-congress-2026-entrando-en-la-era-iq\/#primaryimage","url":"https:\/\/www.mosaicfactor.com\/wp-content\/uploads\/2026\/03\/MWConferenceDistrict-1.webp","contentUrl":"https:\/\/www.mosaicfactor.com\/wp-content\/uploads\/2026\/03\/MWConferenceDistrict-1.webp","width":636,"height":385,"caption":"MWC 2026"},{"@type":"BreadcrumbList","@id":"https:\/\/www.mosaicfactor.com\/es\/mobile-world-congress-2026-entrando-en-la-era-iq\/#breadcrumb","itemListElement":[{"@type":"ListItem","position":1,"name":"Portada","item":"https:\/\/www.mosaicfactor.com\/es\/"},{"@type":"ListItem","position":2,"name":"Mobile World Congress 2026: Entrando en la era IQ"}]},{"@type":"WebSite","@id":"https:\/\/www.mosaicfactor.com\/es\/#website","url":"https:\/\/www.mosaicfactor.com\/es\/","name":"Mosaic Factor","description":"Solving problems with big data","publisher":{"@id":"https:\/\/www.mosaicfactor.com\/es\/#organization"},"potentialAction":[{"@type":"SearchAction","target":{"@type":"EntryPoint","urlTemplate":"https:\/\/www.mosaicfactor.com\/es\/?s={search_term_string}"},"query-input":{"@type":"PropertyValueSpecification","valueRequired":true,"valueName":"search_term_string"}}],"inLanguage":"es"},{"@type":"Organization","@id":"https:\/\/www.mosaicfactor.com\/es\/#organization","name":"Mosaic Factor SL","url":"https:\/\/www.mosaicfactor.com\/es\/","logo":{"@type":"ImageObject","inLanguage":"es","@id":"https:\/\/www.mosaicfactor.com\/es\/#\/schema\/logo\/image\/","url":"https:\/\/www.mosaicfactor.com\/wp-content\/uploads\/2024\/10\/logo-header-color-mosaic.webp","contentUrl":"https:\/\/www.mosaicfactor.com\/wp-content\/uploads\/2024\/10\/logo-header-color-mosaic.webp","width":475,"height":114,"caption":"Mosaic Factor SL"},"image":{"@id":"https:\/\/www.mosaicfactor.com\/es\/#\/schema\/logo\/image\/"},"sameAs":["https:\/\/x.com\/mosaicfactor"]},{"@type":"Person","@id":"https:\/\/www.mosaicfactor.com\/es\/#\/schema\/person\/225580d60c44591f614c1b61a3d43141","name":"mosaic-admin","image":{"@type":"ImageObject","inLanguage":"es","@id":"https:\/\/secure.gravatar.com\/avatar\/516f6e8b28dcf222693607dcecbb4c3ba05a6e5e5da7f758ff574359835adf2e?s=96&d=mm&r=g","url":"https:\/\/secure.gravatar.com\/avatar\/516f6e8b28dcf222693607dcecbb4c3ba05a6e5e5da7f758ff574359835adf2e?s=96&d=mm&r=g","contentUrl":"https:\/\/secure.gravatar.com\/avatar\/516f6e8b28dcf222693607dcecbb4c3ba05a6e5e5da7f758ff574359835adf2e?s=96&d=mm&r=g","caption":"mosaic-admin"},"url":"https:\/\/www.mosaicfactor.com\/es\/author\/mosaic-admin\/"}]}},"_links":{"self":[{"href":"https:\/\/www.mosaicfactor.com\/es\/wp-json\/wp\/v2\/posts\/6112","targetHints":{"allow":["GET"]}}],"collection":[{"href":"https:\/\/www.mosaicfactor.com\/es\/wp-json\/wp\/v2\/posts"}],"about":[{"href":"https:\/\/www.mosaicfactor.com\/es\/wp-json\/wp\/v2\/types\/post"}],"author":[{"embeddable":true,"href":"https:\/\/www.mosaicfactor.com\/es\/wp-json\/wp\/v2\/users\/2"}],"replies":[{"embeddable":true,"href":"https:\/\/www.mosaicfactor.com\/es\/wp-json\/wp\/v2\/comments?post=6112"}],"version-history":[{"count":1,"href":"https:\/\/www.mosaicfactor.com\/es\/wp-json\/wp\/v2\/posts\/6112\/revisions"}],"predecessor-version":[{"id":6113,"href":"https:\/\/www.mosaicfactor.com\/es\/wp-json\/wp\/v2\/posts\/6112\/revisions\/6113"}],"wp:featuredmedia":[{"embeddable":true,"href":"https:\/\/www.mosaicfactor.com\/es\/wp-json\/wp\/v2\/media\/6190"}],"wp:attachment":[{"href":"https:\/\/www.mosaicfactor.com\/es\/wp-json\/wp\/v2\/media?parent=6112"}],"wp:term":[{"taxonomy":"category","embeddable":true,"href":"https:\/\/www.mosaicfactor.com\/es\/wp-json\/wp\/v2\/categories?post=6112"},{"taxonomy":"post_tag","embeddable":true,"href":"https:\/\/www.mosaicfactor.com\/es\/wp-json\/wp\/v2\/tags?post=6112"}],"curies":[{"name":"wp","href":"https:\/\/api.w.org\/{rel}","templated":true}]}}